{"id":383,"date":"2019-12-10T20:38:44","date_gmt":"2019-12-10T19:38:44","guid":{"rendered":"http:\/\/www.lesjardinsdelamedina.com\/blog\/?p=383"},"modified":"2019-12-26T18:06:51","modified_gmt":"2019-12-26T17:06:51","slug":"menu-du-reveillon","status":"publish","type":"post","link":"https:\/\/www.lesjardinsdelamedina.com\/blog\/2019\/12\/10\/menu-du-reveillon\/","title":{"rendered":"Voici le savoureux menu du r\u00e9veillon. Commen\u00e7ons ensemble la nouvelle ann\u00e9e."},"content":{"rendered":"<h3 style=\"text-align: justify;\">\n\tDans quelques jours nous nous retrouvons pour partager le r&eacute;veillon de la Saint Sylvestre. Si nous vous proposons de passer les f&ecirc;tes avec nous, c&#39;est que&nbsp;nous avons pour ce faire quelques arguments, dont le&nbsp;savoureux menu&nbsp;con&ccedil;u&nbsp;par notre Chef Sanaa et les animations que nous avons choisis pour faire de cette soir&eacute;e un moment magique.&nbsp;Gourmands et gourmets, bons vivants, amoureux et romantiques, ne ratez pas ces moments d&#39;&eacute;merveillement o&ugrave; Les Jardins de la M&eacute;dina vous promettent le meilleur d&#39;eux-m&ecirc;mes&#8230;&nbsp;&nbsp;<br \/>\n<\/h3>\n<p>\n\t<img loading=\"lazy\" alt=\"\" class=\"size-full wp-image-384 aligncenter\" height=\"100\" src=\"http:\/\/www.lesjardinsdelamedina.com\/blog\/wp-content\/uploads\/2017\/12\/s\u00e9parateur-menus-de-Noel.png\" style=\"\" title=\"\" width=\"368\" srcset=\"https:\/\/www.lesjardinsdelamedina.com\/blog\/wp-content\/uploads\/2017\/12\/s\u00e9parateur-menus-de-Noel.png 1024w, https:\/\/www.lesjardinsdelamedina.com\/blog\/wp-content\/uploads\/2017\/12\/s\u00e9parateur-menus-de-Noel-300x81.png 300w, https:\/\/www.lesjardinsdelamedina.com\/blog\/wp-content\/uploads\/2017\/12\/s\u00e9parateur-menus-de-Noel-768x208.png 768w\" sizes=\"(max-width: 368px) 100vw, 368px\" \/>\n<\/p>\n<h3 style=\"text-align: center;\">\n\tMENU DU R&Eacute;VEILLON<br \/>\n<\/h3>\n<p style=\"text-align: center;\">\n\tNoix de Saint-Jacques rafra&icirc;chies aux herbes et fleurs\n<\/p>\n<p style=\"text-align: center;\">\n\tFoie gras, cr&egrave;me de coing, pomme granny smith, sauce au chocolat\n<\/p>\n<p style=\"text-align: center;\">\n\tPav&eacute; de bar, nage de bisque de homard, moules, invasion de l&eacute;gumes\n<\/p>\n<p style=\"text-align: center;\">\n\tTrou berb&egrave;re : Whisky tonic au citron confit\n<\/p>\n<p style=\"text-align: center;\">\n\tSelle d&rsquo;agneau cuite &agrave; basse temp&eacute;rature, une goutte de choux fleur au caramel, c&egrave;pes glac&eacute;s, jus cors&eacute;\n<\/p>\n<p style=\"text-align: center;\">\n\tSucc&egrave;s aux chocolats\n<\/p>\n<p style=\"text-align: center;\">\n\t<img loading=\"lazy\" alt=\"\" class=\"size-full wp-image-384 aligncenter\" height=\"100\" src=\"http:\/\/www.lesjardinsdelamedina.com\/blog\/wp-content\/uploads\/2017\/12\/s\u00e9parateur-menus-de-Noel.png\" style=\"\" title=\"\" width=\"368\" srcset=\"https:\/\/www.lesjardinsdelamedina.com\/blog\/wp-content\/uploads\/2017\/12\/s\u00e9parateur-menus-de-Noel.png 1024w, https:\/\/www.lesjardinsdelamedina.com\/blog\/wp-content\/uploads\/2017\/12\/s\u00e9parateur-menus-de-Noel-300x81.png 300w, https:\/\/www.lesjardinsdelamedina.com\/blog\/wp-content\/uploads\/2017\/12\/s\u00e9parateur-menus-de-Noel-768x208.png 768w\" sizes=\"(max-width: 368px) 100vw, 368px\" \/>\n<\/p>\n<h3 style=\"text-align: center;\">\n\tPROGRAMME<br \/>\n<\/h3>\n<p style=\"text-align: center;\">\n\t19h &agrave; 20h En terrasse, cocktail de la Saint-Sylvestre, anim&eacute; par notre musicien Abderrahim\n<\/p>\n<p style=\"text-align: center;\">\n\t20h &agrave; 20h30 Autour de la piscine : Un spectacle de la place Jemaa El fnaa : Gnaouas, acrobates et jongleur\n<\/p>\n<p style=\"text-align: center;\">\n\t20h45 D&eacute;but du repas au grand salon\n<\/p>\n<p style=\"text-align: center;\">\n\t24H Dessert aux 12 coups de minuit\n<\/p>\n<p style=\"text-align: center;\">\n\t<img loading=\"lazy\" alt=\"\" class=\"size-full wp-image-384 aligncenter\" height=\"100\" src=\"http:\/\/www.lesjardinsdelamedina.com\/blog\/wp-content\/uploads\/2017\/12\/s\u00e9parateur-menus-de-Noel.png\" style=\"\" title=\"\" width=\"368\" srcset=\"https:\/\/www.lesjardinsdelamedina.com\/blog\/wp-content\/uploads\/2017\/12\/s\u00e9parateur-menus-de-Noel.png 1024w, https:\/\/www.lesjardinsdelamedina.com\/blog\/wp-content\/uploads\/2017\/12\/s\u00e9parateur-menus-de-Noel-300x81.png 300w, https:\/\/www.lesjardinsdelamedina.com\/blog\/wp-content\/uploads\/2017\/12\/s\u00e9parateur-menus-de-Noel-768x208.png 768w\" sizes=\"(max-width: 368px) 100vw, 368px\" \/>\n<\/p>\n<h3 style=\"text-align: center;\">\n\tANIMATIONS PENDANT LE D&Icirc;NER<br \/>\n<\/h3>\n<p style=\"text-align: center;\">\n\tGroupe folklorique Zayane\n<\/p>\n<p style=\"text-align: center;\">\n\tUn show de danseuses orientales\n<\/p>\n<p style=\"text-align: center;\">\n\tTroupe folklorique Ahwach\n<\/p>\n<p style=\"text-align: center;\">\n\tLe c&eacute;l&egrave;bre magicien Youssef Chouiter\n<\/p>\n<p style=\"text-align: center;\">\n\tDJ Fouad et ses amis musiciens jusqu&rsquo;au bout de la nuit.\n<\/p>\n<p>\n\t&nbsp;\n<\/p>\n<p>\n\t<strong>Adulte : 2150 Dhs <\/strong>\n<\/p>\n<p>\n\t<strong>Enfant : 50% de r&eacute;duction (-12ans)<\/strong>\n<\/p>\n<p>\n\t<strong>R&eacute;servation : +212 (0) 5 24 381 851 &#8211; info@lesjardinsdelamedina.com<\/strong>\n<\/p>\n<p>\n\t&nbsp;\n<\/p>\n<h2 style=\"text-align: center;\">\n\t<a href=\"https:\/\/www.lesjardinsdelamedina.com\/pdf\/Menu-2020.pdf\" target=\"_blank\">T&eacute;l&eacute;charger le menu<\/a><br \/>\n<\/h2>\n<p>\n\t&nbsp;\n<\/p>\n<p>\n\t&nbsp;<\/p>\n","protected":false},"excerpt":{"rendered":"<div class=\"mh-excerpt\"><p>Dans quelques jours nous nous retrouvons pour partager le r&eacute;veillon de la Saint Sylvestre. Si nous vous proposons de passer les f&ecirc;tes avec nous, c&#39;est <a class=\"mh-excerpt-more\" href=\"https:\/\/www.lesjardinsdelamedina.com\/blog\/2019\/12\/10\/menu-du-reveillon\/\" title=\"Voici le savoureux menu du r\u00e9veillon. Commen\u00e7ons ensemble la nouvelle ann\u00e9e.\">[&#8230;]<\/a><\/p>\n<\/div>","protected":false},"author":1,"featured_media":2742,"comment_status":"open","ping_status":"open","sticky":false,"template":"","format":"standard","meta":[],"categories":[1],"tags":[],"aioseo_notices":[],"_links":{"self":[{"href":"https:\/\/www.lesjardinsdelamedina.com\/blog\/wp-json\/wp\/v2\/posts\/383"}],"collection":[{"href":"https:\/\/www.lesjardinsdelamedina.com\/blog\/wp-json\/wp\/v2\/posts"}],"about":[{"href":"https:\/\/www.lesjardinsdelamedina.com\/blog\/wp-json\/wp\/v2\/types\/post"}],"author":[{"embeddable":true,"href":"https:\/\/www.lesjardinsdelamedina.com\/blog\/wp-json\/wp\/v2\/users\/1"}],"replies":[{"embeddable":true,"href":"https:\/\/www.lesjardinsdelamedina.com\/blog\/wp-json\/wp\/v2\/comments?post=383"}],"version-history":[{"count":22,"href":"https:\/\/www.lesjardinsdelamedina.com\/blog\/wp-json\/wp\/v2\/posts\/383\/revisions"}],"predecessor-version":[{"id":2795,"href":"https:\/\/www.lesjardinsdelamedina.com\/blog\/wp-json\/wp\/v2\/posts\/383\/revisions\/2795"}],"wp:featuredmedia":[{"embeddable":true,"href":"https:\/\/www.lesjardinsdelamedina.com\/blog\/wp-json\/wp\/v2\/media\/2742"}],"wp:attachment":[{"href":"https:\/\/www.lesjardinsdelamedina.com\/blog\/wp-json\/wp\/v2\/media?parent=383"}],"wp:term":[{"taxonomy":"category","embeddable":true,"href":"https:\/\/www.lesjardinsdelamedina.com\/blog\/wp-json\/wp\/v2\/categories?post=383"},{"taxonomy":"post_tag","embeddable":true,"href":"https:\/\/www.lesjardinsdelamedina.com\/blog\/wp-json\/wp\/v2\/tags?post=383"}],"curies":[{"name":"wp","href":"https:\/\/api.w.org\/{rel}","templated":true}]}}