{"id":4475,"date":"2025-06-14T14:18:55","date_gmt":"2025-06-14T12:18:55","guid":{"rendered":"https:\/\/www.lesjardinsdelamedina.com\/blog\/?p=4475"},"modified":"2025-06-16T01:53:11","modified_gmt":"2025-06-15T23:53:11","slug":"hommage-a-monsieur-andre-bos-un-batisseur-de-reves-une-ame-visionnaire","status":"publish","type":"post","link":"https:\/\/www.lesjardinsdelamedina.com\/blog\/2025\/06\/14\/hommage-a-monsieur-andre-bos-un-batisseur-de-reves-une-ame-visionnaire\/","title":{"rendered":"Hommage \u00e0 Monsieur Andr\u00e9 Bos \u2013 Un b\u00e2tisseur de r\u00eaves, une \u00e2me visionnaire"},"content":{"rendered":"<p>C\u2019est avec une immense tristesse que nous annon\u00e7ons que Monsieur <strong>Andr\u00e9 Bos s\u2019est \u00e9teint le 10 juin \u00e0 Cadaqu\u00e8s (Espagne)<\/strong>. Fondateur et pr\u00e9sident des \u00e9tablissements Les Jardins de la M\u00e9dina, du parc aquatique Oasiria, du restaurant La Paillote et de l\u2019h\u00f4tel Oasis Lodges \u00e0 Marrakech, il laisse derri\u00e8re lui un h\u00e9ritage exceptionnel, empreint de passion, de g\u00e9n\u00e9rosit\u00e9 et de raffinement.<\/p>\n<p>Apr\u00e8s une premi\u00e8re partie de sa vie r\u00e9ussie en tant qu\u2019industriel dans le secteur de l\u2019aluminium, Andr\u00e9 Bos, n\u00e9 en France, \u00e9tait bien plus qu\u2019un entrepreneur : il \u00e9tait un homme de c\u0153ur, un visionnaire, un b\u00e2tisseur. Son amour pour le Maroc \u2014 pour sa culture, ses paysages et son hospitalit\u00e9 \u2014 a profond\u00e9ment inspir\u00e9 ses projets les plus embl\u00e9matiques. Marrakech, sa ville d\u2019adoption, fut le th\u00e9\u00e2tre de ses plus belles cr\u00e9ations.<\/p>\n<p><img loading=\"lazy\" class=\"size-full wp-image-4491 aligncenter\" src=\"https:\/\/www.lesjardinsdelamedina.com\/blog\/wp-content\/uploads\/2025\/06\/andre-bos-peroquet.jpg\" alt=\"\" width=\"450\" height=\"457\" srcset=\"https:\/\/www.lesjardinsdelamedina.com\/blog\/wp-content\/uploads\/2025\/06\/andre-bos-peroquet.jpg 450w, https:\/\/www.lesjardinsdelamedina.com\/blog\/wp-content\/uploads\/2025\/06\/andre-bos-peroquet-295x300.jpg 295w\" sizes=\"(max-width: 450px) 100vw, 450px\" \/><\/p>\n<p>Il a su, avec une \u00e9l\u00e9gance rare, transformer des lieux en exp\u00e9riences. Les Jardins de la M\u00e9dina, \u00ab\u00a0Boutique h\u00f4tel\u00a0\u00bb au c\u0153ur de la m\u00e9dina de Marrakech, t\u00e9moigne de son sens du d\u00e9tail et de son profond respect du patrimoine marocain. Son go\u00fbt pour l\u2019authenticit\u00e9 et le confort a donn\u00e9 naissance \u00e0 un h\u00f4tel d\u2019exception, m\u00ealant charme, histoire et art de vivre contemporain.<\/p>\n<p>Oasiria, son autre grande r\u00e9alisation, fut l\u2019un des deux premiers parcs aquatiques du Maroc. V\u00e9ritable jardin aquatique luxuriant, il a contribu\u00e9 \u00e0 diversifier et moderniser l\u2019offre touristique de Marrakech. Nich\u00e9 dans un cadre naturel verdoyant, le parc offre une exp\u00e9rience unique m\u00ealant d\u00e9tente, sensations et loisirs : une piscine olympique couverte, plusieurs piscines ext\u00e9rieures, de nombreux toboggans pour petits et grands, des rivi\u00e8res \u00e0 bou\u00e9es et une vaste piscine \u00e0 vagues, que certains surnomment encore aujourd\u2019hui \u00ab la plage de Marrakech\u00bb.<\/p>\n<p>Avec La Paillote, il a imagin\u00e9 un restaurant chaleureux d\u2019inspiration africaine au c\u0153ur d\u2019un jardin luxuriant. Dans le m\u00eame environnement il a cr\u00e9\u00e9 un h\u00f4tel de 50 lodges immerg\u00e9s dans un magnifique parc naturel de 3 hectares, invitant \u00e0 la d\u00e9tente mais aussi \u00e0 des activit\u00e9s sportives et culturelles.<\/p>\n<p>Mais au-del\u00e0 de ses r\u00e9ussites professionnelles, Andr\u00e9 Bos \u00e9tait avant tout un homme profond\u00e9ment humain. Pour beaucoup, il n\u2019\u00e9tait pas seulement un dirigeant, mais un guide, une pr\u00e9sence rassurante, paternelle. Son charisme naturel, sa bienveillance et son exigence inspirante ont marqu\u00e9 toutes les personnes ayant eu le privil\u00e8ge de croiser son chemin.<\/p>\n<p>Nos pens\u00e9es les plus sinc\u00e8res vont \u00e0 sa famille, \u00e0 ses proches, et \u00e0 tous ceux pour qui il a \u00e9t\u00e9 un mod\u00e8le.<\/p>\n<p style=\"text-align: center; font-size: 22px;\"><strong>Que son \u00e2me repose en paix.<\/strong><\/p>\n<p>&nbsp;<\/p>\n","protected":false},"excerpt":{"rendered":"<div class=\"mh-excerpt\"><p>C\u2019est avec une immense tristesse que nous annon\u00e7ons que Monsieur Andr\u00e9 Bos s\u2019est \u00e9teint le 10 juin \u00e0 Cadaqu\u00e8s (Espagne). Fondateur et pr\u00e9sident des \u00e9tablissements <a class=\"mh-excerpt-more\" href=\"https:\/\/www.lesjardinsdelamedina.com\/blog\/2025\/06\/14\/hommage-a-monsieur-andre-bos-un-batisseur-de-reves-une-ame-visionnaire\/\" title=\"Hommage \u00e0 Monsieur Andr\u00e9 Bos \u2013 Un b\u00e2tisseur de r\u00eaves, une \u00e2me visionnaire\">[&#8230;]<\/a><\/p>\n<\/div>","protected":false},"author":3,"featured_media":4487,"comment_status":"open","ping_status":"open","sticky":false,"template":"","format":"standard","meta":[],"categories":[1],"tags":[],"aioseo_notices":[],"_links":{"self":[{"href":"https:\/\/www.lesjardinsdelamedina.com\/blog\/wp-json\/wp\/v2\/posts\/4475"}],"collection":[{"href":"https:\/\/www.lesjardinsdelamedina.com\/blog\/wp-json\/wp\/v2\/posts"}],"about":[{"href":"https:\/\/www.lesjardinsdelamedina.com\/blog\/wp-json\/wp\/v2\/types\/post"}],"author":[{"embeddable":true,"href":"https:\/\/www.lesjardinsdelamedina.com\/blog\/wp-json\/wp\/v2\/users\/3"}],"replies":[{"embeddable":true,"href":"https:\/\/www.lesjardinsdelamedina.com\/blog\/wp-json\/wp\/v2\/comments?post=4475"}],"version-history":[{"count":6,"href":"https:\/\/www.lesjardinsdelamedina.com\/blog\/wp-json\/wp\/v2\/posts\/4475\/revisions"}],"predecessor-version":[{"id":4494,"href":"https:\/\/www.lesjardinsdelamedina.com\/blog\/wp-json\/wp\/v2\/posts\/4475\/revisions\/4494"}],"wp:featuredmedia":[{"embeddable":true,"href":"https:\/\/www.lesjardinsdelamedina.com\/blog\/wp-json\/wp\/v2\/media\/4487"}],"wp:attachment":[{"href":"https:\/\/www.lesjardinsdelamedina.com\/blog\/wp-json\/wp\/v2\/media?parent=4475"}],"wp:term":[{"taxonomy":"category","embeddable":true,"href":"https:\/\/www.lesjardinsdelamedina.com\/blog\/wp-json\/wp\/v2\/categories?post=4475"},{"taxonomy":"post_tag","embeddable":true,"href":"https:\/\/www.lesjardinsdelamedina.com\/blog\/wp-json\/wp\/v2\/tags?post=4475"}],"curies":[{"name":"wp","href":"https:\/\/api.w.org\/{rel}","templated":true}]}}