{"id":4680,"date":"2026-03-12T18:46:00","date_gmt":"2026-03-12T17:46:00","guid":{"rendered":"https:\/\/www.lesjardinsdelamedina.com\/blog\/?p=4680"},"modified":"2026-03-17T21:35:27","modified_gmt":"2026-03-17T20:35:27","slug":"la-zahria-quand-marrakech-celebre-lor-blanc-de-ses-jardins","status":"publish","type":"post","link":"https:\/\/www.lesjardinsdelamedina.com\/blog\/2026\/03\/12\/la-zahria-quand-marrakech-celebre-lor-blanc-de-ses-jardins\/","title":{"rendered":"La Zahria Marrakech &#8211; La f\u00eate de la distillation de la fleur d&rsquo;oranger aux Jardins de la M\u00e9dina"},"content":{"rendered":"<p><span style=\"font-family: 'Cormorant Garamond'; font-size: 15px;\">01 &#8211; <span style=\"color: #c8963e; line-height: 15px;\">UN \u00c9V\u00c8NEMENT UNIQUE<\/span><\/span><br \/>\n<span style=\"font-size: 32px;\"><strong><span style=\"font-family: 'Cormorant Garamond'; line-height: 34px;\"><em>Quand Marrakech c\u00e9l\u00e8bre l&rsquo;or blanc de ses jardins<\/em><\/span><\/strong><\/span><\/p>\n<p>Chaque printemps, les bigaradiers de Marrakech se parent de milliers de fleurs d&rsquo;oranger. Leur parfum envo\u00fbtant impr\u00e8gne les ruelles de la m\u00e9dina, r\u00e9veille les m\u00e9moires et appelle \u00e0 la c\u00e9l\u00e9bration. C&rsquo;est dans cet esprit de transmission et de beaut\u00e9 partag\u00e9e qu&rsquo;est n\u00e9e <strong><em>La Zahria<\/em><\/strong>, le Moussem de la Fleur d&rsquo;Oranger \u2014 un festival qui, depuis quatorze \u00e9ditions, incarne l&rsquo;\u00e2me vivante du patrimoine marrakchi.<\/p>\n<table width=\"100%\">\n<tbody>\n<tr style=\"background: #3a4a3a;\">\n<td>&nbsp;<\/p>\n<p style=\"text-align: center; color: #ffffff;\"><span style=\"font-size: 50px; font-family: 'Cormorant Garamond';\"><em>La Zahria<\/em><\/span><\/p>\n<p style=\"text-align: center;\"><span style=\"font-size: 25px; font-family: 'Cormorant Garamond'; color: #e8c47a;\"><em>La f\u00eate de la distillation de la fleur d&rsquo;oranger<\/em><\/span><\/p>\n<p style=\"text-align: center;\"><span style=\"font-family: 'Cormorant Garamond'; color: #a8bca4; font-size: 20px;\">14\u00e8me \u00e9dition du Moussem de la Fleur d&rsquo;Oranger<\/span><\/p>\n<p style=\"text-align: center;\"><span style=\"font-family: 'Cormorant Garamond'; color: #c8963e; font-size: 20px;\">DIMANCHE <span style=\"font-size: 24px;\">22<\/span> MARS <span style=\"font-size: 24px;\">2026<\/span>\u00a0 \u00b7\u00a0 \u00c0 PARTIR DE MIDI\u00a0 \u00b7\u00a0 MARRAKECH<\/span><\/p>\n<\/td>\n<\/tr>\n<tr style=\"background: #c8963e;\">\n<td style=\"text-align: center;\"><span style=\"font-family: 'Cormorant Garamond'; color: #3a4a3a; line-height: 20px;\">ORGANIS\u00c9 PAR L&rsquo;ASSOCIATION AL MUNIYA\u00a0 \u00b7\u00a0 PARTENAIRE OFFICIEL : LES JARDINS DE LA M\u00c9DINA<\/span><\/td>\n<\/tr>\n<\/tbody>\n<\/table>\n<p>Cette ann\u00e9e, <strong>Les Jardins de la M\u00e9dina<\/strong>, partenaire fid\u00e8le de cet \u00e9v\u00e9nement embl\u00e9matique, ont l&rsquo;honneur de vous accueillir pour vivre cette exp\u00e9rience dans toute sa pl\u00e9nitude, le <strong>dimanche 22 mars 2026, \u00e0 partir de midi.<\/strong><\/p>\n<p><img loading=\"lazy\" class=\"aligncenter size-full wp-image-4441\" src=\"https:\/\/www.lesjardinsdelamedina.com\/blog\/wp-content\/uploads\/2025\/03\/Zahria.jpg\" alt=\"\" width=\"1920\" height=\"1080\" srcset=\"https:\/\/www.lesjardinsdelamedina.com\/blog\/wp-content\/uploads\/2025\/03\/Zahria.jpg 1920w, https:\/\/www.lesjardinsdelamedina.com\/blog\/wp-content\/uploads\/2025\/03\/Zahria-300x169.jpg 300w, https:\/\/www.lesjardinsdelamedina.com\/blog\/wp-content\/uploads\/2025\/03\/Zahria-1024x576.jpg 1024w, https:\/\/www.lesjardinsdelamedina.com\/blog\/wp-content\/uploads\/2025\/03\/Zahria-768x432.jpg 768w, https:\/\/www.lesjardinsdelamedina.com\/blog\/wp-content\/uploads\/2025\/03\/Zahria-1536x864.jpg 1536w, https:\/\/www.lesjardinsdelamedina.com\/blog\/wp-content\/uploads\/2025\/03\/Zahria-678x381.jpg 678w\" sizes=\"(max-width: 1920px) 100vw, 1920px\" \/><\/p>\n<blockquote style=\"background: #eef2ec; border-left: 2px solid #c8963e; color: #000000;\"><p><span style=\"font-family: 'Cormorant Garamond'; font-size: 24px;\"><em>\u00ab La fleur d&rsquo;oranger n&rsquo;est pas seulement un parfum. C&rsquo;est une m\u00e9moire, un rituel, un lien vivant entre les g\u00e9n\u00e9rations. \u00bb<\/em><\/span><\/p><\/blockquote>\n<p><span style=\"font-family: 'Cormorant Garamond'; font-size: 15px;\">02 &#8211; <span style=\"color: #c8963e; line-height: 15px;\">LA DISTILLATION \u2014 ASSOCIATION AL MUNIYA<\/span><\/span><br \/>\n<span style=\"font-size: 32px;\"><strong><span style=\"font-family: 'Cormorant Garamond'; line-height: 34px;\"><em>Un savoir-faire ancestral, mis \u00e0 l&rsquo;honneur<\/em><\/span><\/strong><\/span><\/p>\n<p>L&rsquo;Association Al Muniya de Marrakech est la gardienne de ce rite s\u00e9culaire. Chaque ann\u00e9e, ses membres perp\u00e9tuent avec soin le c\u00e9r\u00e9monial de distillation : la mise en chauffe de l&rsquo;alambic en cuivre, la vapeur qui s&rsquo;\u00e9l\u00e8ve et le pr\u00e9cieux hydrolat qui s&rsquo;\u00e9coule, goutte \u00e0 goutte, pour concentrer l&rsquo;essence m\u00eame du printemps marrakchi.<\/p>\n<p>Inscrit depuis <strong>2022 au patrimoine culturel du monde musulman par l&rsquo;ISESCO<\/strong>, ce savoir-faire aspire aujourd&rsquo;hui \u00e0 rejoindre la liste de l&rsquo;UNESCO \u2014 une reconnaissance que cette 14\u00e8me \u00e9dition contribue activement \u00e0 pr\u00e9parer.<\/p>\n<p>Bien plus qu&rsquo;un festival, La Zahria allie <em>science, artisanat, litt\u00e9rature, m\u00e9moire et musique<\/em> pour offrir une exp\u00e9rience culturelle d&rsquo;une richesse incomparable.<\/p>\n<p><span style=\"font-family: 'Cormorant Garamond'; font-size: 15px;\">03 &#8211; <span style=\"color: #c8963e; line-height: 15px;\">LE PROGRAMME DU 22 MARS<\/span><\/span><br \/>\n<span style=\"font-size: 32px; font-family: 'Cormorant Garamond'; line-height: 34px;\"><strong><em>Une journ\u00e9e de f\u00eate, de sens et de partage<\/em><\/strong><\/span><\/p>\n<p>\u00c0 partir de midi, les Jardins de la M\u00e9dina vous ouvrent leurs portes pour une exp\u00e9rience compl\u00e8te, m\u00ealant culture, gastronomie, musique et artisanat :<\/p>\n<table width=\"100%\">\n<tbody>\n<tr style=\"background: #eef2ec; border-top: 2px solid #c8963e;\">\n<td width=\"50%\">&#x1f338;<span style=\"font-size: 18px;\">\u00a0<span style=\"color: #c8963e; font-family: 'Cormorant Garamond';\"><strong>La Distillation<\/strong><\/span><\/span><\/p>\n<p>Assistez en direct au c\u00e9r\u00e9monial de distillation artisanale de la fleur d&rsquo;oranger par l&rsquo;Association Al Muniya \u2014 geste mill\u00e9naire transmis de g\u00e9n\u00e9ration en g\u00e9n\u00e9ration.<\/td>\n<td width=\"50%\">&#x1f37d;&#xfe0f;\u00a0 <span style=\"color: #c8963e; font-family: 'Cormorant Garamond'; font-size: 18px;\"><strong>D\u00e9jeuner Buffet<\/strong><\/span><\/p>\n<p>Savourez un buffet g\u00e9n\u00e9reux aux saveurs marocaines authentiques, dress\u00e9 au c\u0153ur des jardins sous la douceur du soleil printanier.<\/td>\n<\/tr>\n<tr style=\"background: #eef2ec; border-top: 2px solid #c8963e;\">\n<td width=\"50%\">&#x1f3b5;\u00a0 <span style=\"color: #c8963e; font-family: 'Cormorant Garamond'; font-size: 18px;\"><strong>Musique Andalouse<\/strong><\/span><\/p>\n<p>Laissez-vous envo\u00fbter par les m\u00e9lodies de notre luthiste Abderrahmane et son orchestre \u2014 bande-son raffin\u00e9e et subtile de cette journ\u00e9e d&rsquo;exception.<\/td>\n<td width=\"50%\">&#x1f33f;\u00a0 <span style=\"color: #c8963e; font-size: 18px; font-family: 'Cormorant Garamond';\"><strong>Tatouage au Henn\u00e9<\/strong><\/span><\/p>\n<p>D\u00e9couvrez l&rsquo;art du tatouage au henn\u00e9 propos\u00e9 sur place. Une tradition marocaine vivante, un souvenir unique dessin\u00e9 sur votre peau.<\/td>\n<\/tr>\n<\/tbody>\n<\/table>\n<p><span style=\"font-family: 'Cormorant Garamond'; font-size: 15px;\">04 &#8211; <span style=\"color: #c8963e; line-height: 15px;\">NOTRE ENGAGEMENT<\/span><\/span><br \/>\n<span style=\"font-size: 32px; font-family: 'Cormorant Garamond'; line-height: 34px;\"><strong><em>Les Jardins de la M\u00e9dina, gardiens d&rsquo;une tradition vivante<\/em><\/strong><\/span><\/p>\n<p>Notre attachement \u00e0 la Zahria n&rsquo;est pas r\u00e9cent. Les Jardins de la M\u00e9dina s&rsquo;inscrivent depuis plusieurs ann\u00e9es comme l&rsquo;un des partenaires fid\u00e8les de cette f\u00eate printani\u00e8re, convaincus que la beaut\u00e9 d&rsquo;un lieu se nourrit de la vitalit\u00e9 des traditions qui l&rsquo;entourent.<\/p>\n<p>Accueillir la Zahria dans nos jardins, c&rsquo;est honorer l&rsquo;h\u00e9ritage de Marrakech, renforcer les liens sociaux et offrir \u00e0 nos h\u00f4tes une exp\u00e9rience qui d\u00e9passe le simple s\u00e9jour \u2014 un moment de m\u00e9moire partag\u00e9e, de beaut\u00e9 sensible et de culture vivante.<\/p>\n<p>La fleur d&rsquo;oranger, c&rsquo;est l&rsquo;essence m\u00eame de ce que nous aimons dans cette ville : sa g\u00e9n\u00e9rosit\u00e9 sans ostentation, son parfum singulier, sa fa\u00e7on d&rsquo;habiter le temps avec gr\u00e2ce et de lier les \u00eatres entre eux.<\/p>\n<table width=\"100%\">\n<tbody>\n<tr>\n<td style=\"text-align: center; background: #3a4a3a; color: #e8c47a;\" width=\"23%\">\u2726<br \/>\nISESCO 2022<\/td>\n<td style=\"text-align: center; background: #5c7058; color: #e8c47a;\" width=\"25%\">\u2726<br \/>\n14\u00e8me \u00c9dition<\/td>\n<td style=\"text-align: center; background: #3a4a3a; color: #e8c47a;\" width=\"30%\">\u2726<br \/>\nCandidature UNESCO<\/td>\n<td style=\"text-align: center; background: #5c7058; color: #e8c47a;\" width=\"21%\">\u2726<br \/>\nAl Muniya<\/td>\n<\/tr>\n<\/tbody>\n<\/table>\n<p>&nbsp;<\/p>\n<div class=\"cadre\">\n<p style=\"text-align: center; font-size: 22px; line-height: 40px;\"><span style=\"font-family: 'Cormorant Garamond'; font-size: 32px;\"><strong><em>Rejoignez-nous le 22 Mars 2026<\/em><\/strong><\/span><\/p>\n<p style=\"text-align: center;\"><span style=\"font-family: 'Cormorant Garamond'; font-size: 20px;\">Une journ\u00e9e inoubliable vous attend au c\u0153ur de Marrakech<\/span><\/p>\n<p style=\"text-align: center; font-size: 12px; line-height: 20px;\"><span style=\"font-size: 16px; font-family: 'Cormorant Garamond';\"><em>Places limit\u00e9es\u00a0 \u00b7\u00a0 \u00c0 partir de midi\u00a0 \u00b7\u00a0 Les Jardins de la M\u00e9dina<\/em><\/span><\/p>\n<p style=\"text-align: center; color: #c8963e; line-height: 20px;\"><span style=\"font-size: 20px;\"><strong>390 DHS<\/strong><\/span><\/p>\n<p style=\"text-align: center; font-size: 12px; line-height: 20px;\"><span style=\"font-family: 'Cormorant Garamond'; font-size: 16px;\"><em>par personne \u00b7 d\u00e9jeuner buffet hors boissons + d\u00e9monstration de distillation de la fleur d&rsquo;oranger<\/em><\/span><\/p>\n<p style=\"text-align: center; line-height: 20px;\"><span style=\"font-family: 'Cormorant Garamond'; font-size: 20px;\"><strong>www.lesjardinsdelamedina.com<\/strong><\/span><\/p>\n<\/div>\n<p>&nbsp;<\/p>\n","protected":false},"excerpt":{"rendered":"<div class=\"mh-excerpt\"><p>01 &#8211; UN \u00c9V\u00c8NEMENT UNIQUE Quand Marrakech c\u00e9l\u00e8bre l&rsquo;or blanc de ses jardins Chaque printemps, les bigaradiers de Marrakech se parent de milliers de fleurs <a class=\"mh-excerpt-more\" href=\"https:\/\/www.lesjardinsdelamedina.com\/blog\/2026\/03\/12\/la-zahria-quand-marrakech-celebre-lor-blanc-de-ses-jardins\/\" title=\"La Zahria Marrakech &#8211; La f\u00eate de la distillation de la fleur d&rsquo;oranger aux Jardins de la M\u00e9dina\">[&#8230;]<\/a><\/p>\n<\/div>","protected":false},"author":3,"featured_media":3934,"comment_status":"open","ping_status":"open","sticky":false,"template":"","format":"standard","meta":[],"categories":[1],"tags":[],"aioseo_notices":[],"_links":{"self":[{"href":"https:\/\/www.lesjardinsdelamedina.com\/blog\/wp-json\/wp\/v2\/posts\/4680"}],"collection":[{"href":"https:\/\/www.lesjardinsdelamedina.com\/blog\/wp-json\/wp\/v2\/posts"}],"about":[{"href":"https:\/\/www.lesjardinsdelamedina.com\/blog\/wp-json\/wp\/v2\/types\/post"}],"author":[{"embeddable":true,"href":"https:\/\/www.lesjardinsdelamedina.com\/blog\/wp-json\/wp\/v2\/users\/3"}],"replies":[{"embeddable":true,"href":"https:\/\/www.lesjardinsdelamedina.com\/blog\/wp-json\/wp\/v2\/comments?post=4680"}],"version-history":[{"count":37,"href":"https:\/\/www.lesjardinsdelamedina.com\/blog\/wp-json\/wp\/v2\/posts\/4680\/revisions"}],"predecessor-version":[{"id":4727,"href":"https:\/\/www.lesjardinsdelamedina.com\/blog\/wp-json\/wp\/v2\/posts\/4680\/revisions\/4727"}],"wp:featuredmedia":[{"embeddable":true,"href":"https:\/\/www.lesjardinsdelamedina.com\/blog\/wp-json\/wp\/v2\/media\/3934"}],"wp:attachment":[{"href":"https:\/\/www.lesjardinsdelamedina.com\/blog\/wp-json\/wp\/v2\/media?parent=4680"}],"wp:term":[{"taxonomy":"category","embeddable":true,"href":"https:\/\/www.lesjardinsdelamedina.com\/blog\/wp-json\/wp\/v2\/categories?post=4680"},{"taxonomy":"post_tag","embeddable":true,"href":"https:\/\/www.lesjardinsdelamedina.com\/blog\/wp-json\/wp\/v2\/tags?post=4680"}],"curies":[{"name":"wp","href":"https:\/\/api.w.org\/{rel}","templated":true}]}}