{"id":572,"date":"2022-04-13T09:00:14","date_gmt":"2022-04-13T07:00:14","guid":{"rendered":"http:\/\/www.lesjardinsdelamedina.com\/blog\/?p=572"},"modified":"2022-04-14T21:45:43","modified_gmt":"2022-04-14T19:45:43","slug":"paques-aux-jardins-de-la-medina","status":"publish","type":"post","link":"https:\/\/www.lesjardinsdelamedina.com\/blog\/2022\/04\/13\/paques-aux-jardins-de-la-medina\/","title":{"rendered":"Le M\u00e9choui de P\u00e2ques aux Jardins de la M\u00e9dina"},"content":{"rendered":"<h2 style=\"text-align: justify;\">Commen\u00e7ons par un peu d\u2019histoire&#8230;<\/h2>\n<p style=\"text-align: justify;\">Comme chacun sait (ou pas), P\u00e2ques est une f\u00eate religieuse chr\u00e9tienne qui comm\u00e9more la r\u00e9surrection de J\u00e9sus. Elle est c\u00e9l\u00e9br\u00e9e le dimanche qui suit la pleine lune du printemps. Elle prend place dans la Semaine Sainte, durant laquelle J\u00e9sus Christ a pris son dernier repas (jeudi saint). Il sera crucifi\u00e9 le lendemain (Vendredi saint) avant de ressusciter, deux jours plus tard, le dimanche de P\u00e2ques.<\/p>\n<p style=\"text-align: justify;\">Dans les faits et pour nombre d\u2019entre nous, la religion n\u2019a plus qu\u2019un lointain rapport avec la c\u00e9l\u00e9bration de P\u00e2ques qui est d\u00e9sormais associ\u00e9e \u00e0 des pratiques rituelles et \u00e0 des jeux pour enfants. Ainsi, ce dimanche, dans de nombreuses familles, on chassera les \u0153ufs, les cloches ou encore les lapins en chocolats\u2026<\/p>\n<p style=\"text-align: justify;\">C\u2019est ainsi que P\u00e2ques est devenue synonyme de gourmandise, pour les nombreux chocolats que les enfants r\u00e9coltent, mais aussi pour le bon repas de famille qui est fr\u00e9quemment partag\u00e9 ce jour-l\u00e0.<\/p>\n<h2 style=\"text-align: justify;\">Dimanche 17 avril, M\u00e9choui pascal<\/h2>\n<p style=\"text-align: justify;\">Chez nous aussi, aux Jardins de La M\u00e9dina, P\u00e2ques se veut un\u00a0plaisir fait de gastronomie\u00a0et de convivialit\u00e9.<\/p>\n<p style=\"text-align: justify;\"><strong>Dimanche 17 avril<\/strong>, nous vous proposons\u00a0de partager le m\u00e9choui d\u2019agneau de Marrakech. L\u2019occasion pour vous de d\u00e9couvrir cette sp\u00e9cialit\u00e9 tendre et parfum\u00e9e, fruit d\u2019une longue cuisson lente dans les fours traditionnels.<\/p>\n<h2 style=\"text-align: justify;\">En musique<\/h2>\n<p style=\"text-align: justify;\">Le repas sera anim\u00e9 par notre musicien Abderrahim.<\/p>\n<h2>Tarifs<\/h2>\n<p>Salades marocaines et m\u00e9choui<\/p>\n<p>290 Mad \/ personne (hors boissons)<\/p>\n<p>Enfant de moins de 12 ans\u00a0 : r\u00e9duction de 50%<\/p>\n<p>Pour ceux qui le souhaitent, le repas \u00e0 la carte reste possible.<\/p>\n<h2>R\u00e9servations<\/h2>\n<p>Par t\u00e9l\u00e9phone\u00a0:\u00a000212 5 24 381\u00a0851<\/p>\n<p>En ligne :\u00a0<a href=\"https:\/\/goo.gl\/0MlUKk?fbclid=IwAR166Xf0BOiu6-Dy_f_-TfUHyM6mwr9eCAlPiKi4HGrgPxC9fTa3RzO1qJM\" target=\"_blank\" rel=\"noopener nofollow\" data-ft=\"{&quot;tn&quot;:&quot;-U&quot;}\" data-lynx-mode=\"asynclazy\" data-lynx-uri=\"https:\/\/l.facebook.com\/l.php?u=https%3A%2F%2Fgoo.gl%2F0MlUKk%3Ffbclid%3DIwAR166Xf0BOiu6-Dy_f_-TfUHyM6mwr9eCAlPiKi4HGrgPxC9fTa3RzO1qJM&amp;h=AT1jCZNBzK4oly2wgTFCe9tub34A4UsdNBY8-SeLJcfYO4IpAV-pCrs-Sybdr8FtCbAOpVdHClm_AeTjDaLF5uts9Gxh4dkjmeKX6CKjhTWziNe_6v17e8Ocsdg7SO9SFEVquw\">https:\/\/goo.gl\/0MlUKk<\/a><\/p>\n<h2>Bonnes f\u00eates de P\u00e2ques \u00e0 tous, aux Jardins de la M\u00e9dina !<\/h2>\n<p style=\"text-align: justify;\">\n","protected":false},"excerpt":{"rendered":"<div class=\"mh-excerpt\"><p>Commen\u00e7ons par un peu d\u2019histoire&#8230; Comme chacun sait (ou pas), P\u00e2ques est une f\u00eate religieuse chr\u00e9tienne qui comm\u00e9more la r\u00e9surrection de J\u00e9sus. Elle est c\u00e9l\u00e9br\u00e9e <a class=\"mh-excerpt-more\" href=\"https:\/\/www.lesjardinsdelamedina.com\/blog\/2022\/04\/13\/paques-aux-jardins-de-la-medina\/\" title=\"Le M\u00e9choui de P\u00e2ques aux Jardins de la M\u00e9dina\">[&#8230;]<\/a><\/p>\n<\/div>","protected":false},"author":1,"featured_media":573,"comment_status":"open","ping_status":"open","sticky":false,"template":"","format":"standard","meta":[],"categories":[1],"tags":[],"aioseo_notices":[],"_links":{"self":[{"href":"https:\/\/www.lesjardinsdelamedina.com\/blog\/wp-json\/wp\/v2\/posts\/572"}],"collection":[{"href":"https:\/\/www.lesjardinsdelamedina.com\/blog\/wp-json\/wp\/v2\/posts"}],"about":[{"href":"https:\/\/www.lesjardinsdelamedina.com\/blog\/wp-json\/wp\/v2\/types\/post"}],"author":[{"embeddable":true,"href":"https:\/\/www.lesjardinsdelamedina.com\/blog\/wp-json\/wp\/v2\/users\/1"}],"replies":[{"embeddable":true,"href":"https:\/\/www.lesjardinsdelamedina.com\/blog\/wp-json\/wp\/v2\/comments?post=572"}],"version-history":[{"count":15,"href":"https:\/\/www.lesjardinsdelamedina.com\/blog\/wp-json\/wp\/v2\/posts\/572\/revisions"}],"predecessor-version":[{"id":3781,"href":"https:\/\/www.lesjardinsdelamedina.com\/blog\/wp-json\/wp\/v2\/posts\/572\/revisions\/3781"}],"wp:featuredmedia":[{"embeddable":true,"href":"https:\/\/www.lesjardinsdelamedina.com\/blog\/wp-json\/wp\/v2\/media\/573"}],"wp:attachment":[{"href":"https:\/\/www.lesjardinsdelamedina.com\/blog\/wp-json\/wp\/v2\/media?parent=572"}],"wp:term":[{"taxonomy":"category","embeddable":true,"href":"https:\/\/www.lesjardinsdelamedina.com\/blog\/wp-json\/wp\/v2\/categories?post=572"},{"taxonomy":"post_tag","embeddable":true,"href":"https:\/\/www.lesjardinsdelamedina.com\/blog\/wp-json\/wp\/v2\/tags?post=572"}],"curies":[{"name":"wp","href":"https:\/\/api.w.org\/{rel}","templated":true}]}}